{"id":299,"date":"2024-04-19T12:42:05","date_gmt":"2024-04-19T12:42:05","guid":{"rendered":"https:\/\/www.imultimedia.org\/sercidadao\/?p=299"},"modified":"2024-04-20T06:11:12","modified_gmt":"2024-04-20T06:11:12","slug":"padlet-do-25-de-abril","status":"publish","type":"post","link":"https:\/\/www.imultimedia.org\/sercidadao\/padlet-do-25-de-abril\/","title":{"rendered":"Padlet comemorativo do 25 de Abril"},"content":{"rendered":"\n<p><strong>GR\u00c9MIO DE INSTRU\u00c7\u00c3O LIBERAL <\/strong><br><strong>Campo de Ourique \u2013 Lisboa<\/strong><br>Professora: Catarina Britos<\/p>\n\n\n\n<ul class=\"wp-block-list\">\n<li>19 Narrativas \u00e1udio RG \u201cTestemunho Valiosos\u201d<\/li>\n\n\n\n<li>98 Registos visuais<\/li>\n\n\n\n<li>30 Artigos<\/li>\n\n\n\n<li>1 Friso cronol\u00f3gico<\/li>\n<\/ul>\n\n\n\n<div class=\"padlet-embed\" style=\"border:1px solid rgba(0,0,0,0.1);border-radius:2px;box-sizing:border-box;overflow:hidden;position:relative;width:100%;background:#F4F4F4\"><p style=\"padding:0;margin:0\"><iframe src=\"https:\/\/padlet.com\/embed\/q9xv3ll07o93pn7r\" frameborder=\"0\" allow=\"camera;microphone;geolocation\" style=\"width:100%;height:608px;display:block;padding:0;margin:0\"><\/iframe><\/p><div style=\"display:flex;align-items:center;justify-content:end;margin:0;height:28px\"><a href=\"https:\/\/padlet.com?ref=embed\" style=\"display:block;flex-grow:0;margin:0;border:none;padding:0;text-decoration:none\" target=\"_blank\" rel=\"noopener\"><div style=\"display:flex;align-items:center;\"><img loading=\"lazy\" decoding=\"async\" src=\"https:\/\/padlet.net\/embeds\/made_with_padlet_2022.png\" width=\"114\" height=\"28\" style=\"padding:0;margin:0;background:0 0;border:none;box-shadow:none\" alt=\"Criado com o Padlet\"><\/div><\/a><\/div><\/div>\n","protected":false},"excerpt":{"rendered":"<p>GR\u00c9MIO DE INSTRU\u00c7\u00c3O LIBERAL<br \/>\nCampo de Ourique \u2013 Lisboa<br \/>\nProfessora: Catarina Britos<\/p>\n","protected":false},"author":1,"featured_media":302,"comment_status":"closed","ping_status":"closed","sticky":false,"template":"","format":"standard","meta":{"footnotes":""},"categories":[9],"tags":[10],"class_list":["post-299","post","type-post","status-publish","format-standard","has-post-thumbnail","hentry","category-imagem","tag-gremio-de-instrucao-liberal-campo-de-ourique-lisboa"],"_links":{"self":[{"href":"https:\/\/www.imultimedia.org\/sercidadao\/wp-json\/wp\/v2\/posts\/299","targetHints":{"allow":["GET"]}}],"collection":[{"href":"https:\/\/www.imultimedia.org\/sercidadao\/wp-json\/wp\/v2\/posts"}],"about":[{"href":"https:\/\/www.imultimedia.org\/sercidadao\/wp-json\/wp\/v2\/types\/post"}],"author":[{"embeddable":true,"href":"https:\/\/www.imultimedia.org\/sercidadao\/wp-json\/wp\/v2\/users\/1"}],"replies":[{"embeddable":true,"href":"https:\/\/www.imultimedia.org\/sercidadao\/wp-json\/wp\/v2\/comments?post=299"}],"version-history":[{"count":3,"href":"https:\/\/www.imultimedia.org\/sercidadao\/wp-json\/wp\/v2\/posts\/299\/revisions"}],"predecessor-version":[{"id":350,"href":"https:\/\/www.imultimedia.org\/sercidadao\/wp-json\/wp\/v2\/posts\/299\/revisions\/350"}],"wp:featuredmedia":[{"embeddable":true,"href":"https:\/\/www.imultimedia.org\/sercidadao\/wp-json\/wp\/v2\/media\/302"}],"wp:attachment":[{"href":"https:\/\/www.imultimedia.org\/sercidadao\/wp-json\/wp\/v2\/media?parent=299"}],"wp:term":[{"taxonomy":"category","embeddable":true,"href":"https:\/\/www.imultimedia.org\/sercidadao\/wp-json\/wp\/v2\/categories?post=299"},{"taxonomy":"post_tag","embeddable":true,"href":"https:\/\/www.imultimedia.org\/sercidadao\/wp-json\/wp\/v2\/tags?post=299"}],"curies":[{"name":"wp","href":"https:\/\/api.w.org\/{rel}","templated":true}]}}